{"id":2607,"date":"2026-03-11T19:01:22","date_gmt":"2026-03-11T19:01:22","guid":{"rendered":"https:\/\/camp-der-fantasie.de\/?p=2607"},"modified":"2026-03-12T07:59:31","modified_gmt":"2026-03-12T07:59:31","slug":"awo-camp-der-fantasie-2026-jetzt-anmelden","status":"publish","type":"post","link":"https:\/\/camp-der-fantasie.de\/?p=2607","title":{"rendered":"AWO Camp der Fantasie 2026 \u2013 Jetzt anmelden!"},"content":{"rendered":"\n<h2 class=\"wp-block-heading\">Motto: Die Vier Elemente der H\u00e4uptleswiese<\/h2>\n\n\n\n<p>Feuer, Wasser, Erde und Luft \u2013 im <strong>AWO Camp der Fantasie 2026<\/strong> dreht sich alles um die vier Elemente, die unsere Welt formen. Gemeinsam wollen wir sie entdecken, erleben und zum Leben erwecken. Kinder erwartet eine Woche voller Abenteuer, Kreativit\u00e4t und Gemeinschaft.<\/p>\n\n\n\n<p>In unserem fantasievollen Ferienlager tauchen die Teilnehmenden in spannende Geschichten rund um die Elemente ein. Ob beim Basteln, Spielen, Forschen oder bei gemeinsamen Aktionen in der Natur \u2013 die Kinder k\u00f6nnen ihre Kreativit\u00e4t entfalten, Neues ausprobieren und Freundschaften schlie\u00dfen.<\/p>\n\n\n\n<p>Jedes Element h\u00e4lt besondere \u00dcberraschungen bereit:<br>&#8211; <strong>Feuer<\/strong> steht f\u00fcr Energie, Mut und spannende Lagerfeuermomente.<br>&#8211; <strong>Wasser<\/strong> l\u00e4dt zu erfrischenden Spielen und Experimenten ein.<br>&#8211; <strong>Erde<\/strong> verbindet uns mit der Natur und kreativen Entdeckungen drau\u00dfen.<br>&#8211; <strong>Luft<\/strong> bringt Bewegung, Fantasie und neue Ideen ins Camp.<\/p>\n\n\n\n<p>Mit viel Herz, Engagement und p\u00e4dagogischer Begleitung gestalten wir eine unvergessliche Ferienwoche voller Spiel, Spa\u00df und Fantasie. Das Camp bietet Kindern Raum, ihre St\u00e4rken zu entdecken, gemeinsam Abenteuer zu erleben und die Kraft der vier Elemente zu sp\u00fcren.<\/p>\n\n\n\n<ul>\n<li><a href=\"https:\/\/camp-der-fantasie.de\/?page_id=2611\" data-type=\"link\" data-id=\"https:\/\/camp-der-fantasie.de\/?page_id=2611\"><strong>Alle Daten im \u00dcberblick<\/strong><\/a><\/li>\n\n\n\n<li><strong><a href=\"https:\/\/camp-der-fantasie.de\/?page_id=2629\">Allgemeine Hinweise<\/a><\/strong><\/li>\n\n\n\n<li><a href=\"https:\/\/camp-der-fantasie.de\/?page_id=2633\"><strong>Der Zeltplatz H\u00e4uptleswiese<\/strong><\/a><\/li>\n<\/ul>\n\n\n\n<p><strong>Jetzt anmelden und Teil des AWO Camp der Fantasie 2026 werden!<\/strong><\/p>\n\n\n\n<p>Hier geht es direkt zur online-Anmeldung:<\/p>\n\n\n\n<h2 class=\"wp-block-heading\"><a href=\"https:\/\/anmeldung-awo-cdf.de\/\">https:\/\/anmeldung-awo-cdf.de\/<\/a><\/h2>\n\n\n\n<p>und zum Newsletter anmelden, um keine Nachricht zum Camp der Fantasie zu verpassen.<\/p>\n\n\n\n<h2 class=\"wp-block-heading\"><a href=\"https:\/\/flow.cleverreach.com\/fl\/755393fd-a329-4f2c-abf4-e83f1a3abb0c\/\">Hier zum Newsletter anmelden! <\/a><\/h2>\n\n\n\n<p><br>Wir freuen uns auf eine magische Zeit voller Elemente, Geschichten und gemeinsamer Erlebnisse<\/p>\n\n\n\n<figure class=\"wp-block-image size-large\"><img loading=\"lazy\" decoding=\"async\" width=\"1024\" height=\"683\" src=\"https:\/\/camp-der-fantasie.de\/wp-content\/uploads\/2026\/03\/VierElementeGruppe-1024x683.png\" alt=\"\" class=\"wp-image-2624\" srcset=\"https:\/\/camp-der-fantasie.de\/wp-content\/uploads\/2026\/03\/VierElementeGruppe-1024x683.png 1024w, https:\/\/camp-der-fantasie.de\/wp-content\/uploads\/2026\/03\/VierElementeGruppe-300x200.png 300w, https:\/\/camp-der-fantasie.de\/wp-content\/uploads\/2026\/03\/VierElementeGruppe-768x512.png 768w, https:\/\/camp-der-fantasie.de\/wp-content\/uploads\/2026\/03\/VierElementeGruppe-391x260.png 391w, https:\/\/camp-der-fantasie.de\/wp-content\/uploads\/2026\/03\/VierElementeGruppe-120x80.png 120w, https:\/\/camp-der-fantasie.de\/wp-content\/uploads\/2026\/03\/VierElementeGruppe.png 1536w\" sizes=\"(max-width: 1024px) 100vw, 1024px\" \/><\/figure>\n","protected":false},"excerpt":{"rendered":"<p>Motto: Die Vier Elemente der H\u00e4uptleswiese Feuer, Wasser, Erde und Luft \u2013 im AWO Camp der Fantasie 2026 dreht sich<\/p>\n","protected":false},"author":1,"featured_media":2609,"comment_status":"open","ping_status":"open","sticky":false,"template":"","format":"standard","meta":{"ngg_post_thumbnail":0,"footnotes":""},"categories":[1],"tags":[],"_links":{"self":[{"href":"https:\/\/camp-der-fantasie.de\/index.php?rest_route=\/wp\/v2\/posts\/2607"}],"collection":[{"href":"https:\/\/camp-der-fantasie.de\/index.php?rest_route=\/wp\/v2\/posts"}],"about":[{"href":"https:\/\/camp-der-fantasie.de\/index.php?rest_route=\/wp\/v2\/types\/post"}],"author":[{"embeddable":true,"href":"https:\/\/camp-der-fantasie.de\/index.php?rest_route=\/wp\/v2\/users\/1"}],"replies":[{"embeddable":true,"href":"https:\/\/camp-der-fantasie.de\/index.php?rest_route=%2Fwp%2Fv2%2Fcomments&post=2607"}],"version-history":[{"count":14,"href":"https:\/\/camp-der-fantasie.de\/index.php?rest_route=\/wp\/v2\/posts\/2607\/revisions"}],"predecessor-version":[{"id":2657,"href":"https:\/\/camp-der-fantasie.de\/index.php?rest_route=\/wp\/v2\/posts\/2607\/revisions\/2657"}],"wp:featuredmedia":[{"embeddable":true,"href":"https:\/\/camp-der-fantasie.de\/index.php?rest_route=\/wp\/v2\/media\/2609"}],"wp:attachment":[{"href":"https:\/\/camp-der-fantasie.de\/index.php?rest_route=%2Fwp%2Fv2%2Fmedia&parent=2607"}],"wp:term":[{"taxonomy":"category","embeddable":true,"href":"https:\/\/camp-der-fantasie.de\/index.php?rest_route=%2Fwp%2Fv2%2Fcategories&post=2607"},{"taxonomy":"post_tag","embeddable":true,"href":"https:\/\/camp-der-fantasie.de\/index.php?rest_route=%2Fwp%2Fv2%2Ftags&post=2607"}],"curies":[{"name":"wp","href":"https:\/\/api.w.org\/{rel}","templated":true}]}}